{"id":1927,"__str__":"Autoria: Vereador C\u00edcero - Indica\u00e7\u00e3o n\u00ba 9 de 2025","link_detail_backend":"/materia/autoria/1927","metadata":{},"primeiro_autor":true,"autor":70,"materia":1244}